{"id":10182,"date":"2023-07-20T09:27:10","date_gmt":"2023-07-20T07:27:10","guid":{"rendered":"https:\/\/www.schulthessforum.ch\/?p=10182"},"modified":"2023-08-15T14:23:54","modified_gmt":"2023-08-15T12:23:54","slug":"aus-bundeshaus-und-bundesgericht-rechtliche-neuerungen-und-aktualitaeten-fuer-verwaltungsraete","status":"publish","type":"post","link":"https:\/\/www.schulthessforum.ch\/fachbeitrag\/aus-bundeshaus-und-bundesgericht-rechtliche-neuerungen-und-aktualitaeten-fuer-verwaltungsraete\/","title":{"rendered":"Aus Bundeshaus und Bundesgericht \u2013 Rechtliche Neuerungen und Aktualit\u00e4ten f\u00fcr Verwaltungsr\u00e4te"},"content":{"rendered":"","protected":false},"excerpt":{"rendered":"","protected":false},"author":22,"featured_media":0,"comment_status":"open","ping_status":"open","sticky":false,"template":"","format":"standard","meta":{"_acf_changed":false,"_et_pb_use_builder":"","_et_pb_old_content":"","_et_gb_content_width":"","footnotes":""},"categories":[98],"tags":[],"product_cat":[],"product_tag":[],"class_list":["post-10182","post","type-post","status-publish","format-standard","hentry","category-verwaltungsrat"],"acf":[],"_links":{"self":[{"href":"https:\/\/www.schulthessforum.ch\/fr\/wp-json\/wp\/v2\/posts\/10182","targetHints":{"allow":["GET"]}}],"collection":[{"href":"https:\/\/www.schulthessforum.ch\/fr\/wp-json\/wp\/v2\/posts"}],"about":[{"href":"https:\/\/www.schulthessforum.ch\/fr\/wp-json\/wp\/v2\/types\/post"}],"author":[{"embeddable":true,"href":"https:\/\/www.schulthessforum.ch\/fr\/wp-json\/wp\/v2\/users\/22"}],"replies":[{"embeddable":true,"href":"https:\/\/www.schulthessforum.ch\/fr\/wp-json\/wp\/v2\/comments?post=10182"}],"version-history":[{"count":2,"href":"https:\/\/www.schulthessforum.ch\/fr\/wp-json\/wp\/v2\/posts\/10182\/revisions"}],"predecessor-version":[{"id":13081,"href":"https:\/\/www.schulthessforum.ch\/fr\/wp-json\/wp\/v2\/posts\/10182\/revisions\/13081"}],"wp:attachment":[{"href":"https:\/\/www.schulthessforum.ch\/fr\/wp-json\/wp\/v2\/media?parent=10182"}],"wp:term":[{"taxonomy":"category","embeddable":true,"href":"https:\/\/www.schulthessforum.ch\/fr\/wp-json\/wp\/v2\/categories?post=10182"},{"taxonomy":"post_tag","embeddable":true,"href":"https:\/\/www.schulthessforum.ch\/fr\/wp-json\/wp\/v2\/tags?post=10182"},{"taxonomy":"product_cat","embeddable":true,"href":"https:\/\/www.schulthessforum.ch\/fr\/wp-json\/wp\/v2\/product_cat?post=10182"},{"taxonomy":"product_tag","embeddable":true,"href":"https:\/\/www.schulthessforum.ch\/fr\/wp-json\/wp\/v2\/product_tag?post=10182"}],"curies":[{"name":"wp","href":"https:\/\/api.w.org\/{rel}","templated":true}]}}