{"id":23320,"date":"2024-07-09T10:26:46","date_gmt":"2024-07-09T08:26:46","guid":{"rendered":"https:\/\/www.schulthessforum.ch\/?p=23320"},"modified":"2024-07-09T10:26:46","modified_gmt":"2024-07-09T08:26:46","slug":"lintelligence-artificielle-sous-controle-apercu-de-la-nouvelle-legislation-europeenne","status":"publish","type":"post","link":"https:\/\/www.schulthessforum.ch\/fachbeitrag\/lintelligence-artificielle-sous-controle-apercu-de-la-nouvelle-legislation-europeenne\/","title":{"rendered":"L&rsquo;intelligence artificielle sous contr\u00f4le &#8211; Aper\u00e7u de la nouvelle l\u00e9gislation europ\u00e9enne"},"content":{"rendered":"","protected":false},"excerpt":{"rendered":"","protected":false},"author":1853,"featured_media":0,"comment_status":"open","ping_status":"open","sticky":false,"template":"","format":"standard","meta":{"_acf_changed":false,"_et_pb_use_builder":"","_et_pb_old_content":"","_et_gb_content_width":"","footnotes":""},"categories":[143,89],"tags":[],"product_cat":[],"product_tag":[],"class_list":["post-23320","post","type-post","status-publish","format-standard","hentry","category-webinar","category-datenschutz"],"acf":[],"_links":{"self":[{"href":"https:\/\/www.schulthessforum.ch\/fr\/wp-json\/wp\/v2\/posts\/23320","targetHints":{"allow":["GET"]}}],"collection":[{"href":"https:\/\/www.schulthessforum.ch\/fr\/wp-json\/wp\/v2\/posts"}],"about":[{"href":"https:\/\/www.schulthessforum.ch\/fr\/wp-json\/wp\/v2\/types\/post"}],"author":[{"embeddable":true,"href":"https:\/\/www.schulthessforum.ch\/fr\/wp-json\/wp\/v2\/users\/1853"}],"replies":[{"embeddable":true,"href":"https:\/\/www.schulthessforum.ch\/fr\/wp-json\/wp\/v2\/comments?post=23320"}],"version-history":[{"count":1,"href":"https:\/\/www.schulthessforum.ch\/fr\/wp-json\/wp\/v2\/posts\/23320\/revisions"}],"predecessor-version":[{"id":23321,"href":"https:\/\/www.schulthessforum.ch\/fr\/wp-json\/wp\/v2\/posts\/23320\/revisions\/23321"}],"wp:attachment":[{"href":"https:\/\/www.schulthessforum.ch\/fr\/wp-json\/wp\/v2\/media?parent=23320"}],"wp:term":[{"taxonomy":"category","embeddable":true,"href":"https:\/\/www.schulthessforum.ch\/fr\/wp-json\/wp\/v2\/categories?post=23320"},{"taxonomy":"post_tag","embeddable":true,"href":"https:\/\/www.schulthessforum.ch\/fr\/wp-json\/wp\/v2\/tags?post=23320"},{"taxonomy":"product_cat","embeddable":true,"href":"https:\/\/www.schulthessforum.ch\/fr\/wp-json\/wp\/v2\/product_cat?post=23320"},{"taxonomy":"product_tag","embeddable":true,"href":"https:\/\/www.schulthessforum.ch\/fr\/wp-json\/wp\/v2\/product_tag?post=23320"}],"curies":[{"name":"wp","href":"https:\/\/api.w.org\/{rel}","templated":true}]}}